{"id":18394,"date":"2024-01-30T08:33:27","date_gmt":"2024-01-30T08:33:27","guid":{"rendered":"https:\/\/mousefreemarion.org\/zones-marines-protegees-sauvegarde-de-nos-oceans-laccord-sur-les-albatros-et-les-petrels-annonce-son-theme-pour-la-journee-mondiale-de-lalbatros-2024\/"},"modified":"2024-01-30T08:33:27","modified_gmt":"2024-01-30T08:33:27","slug":"zones-marines-protegees-sauvegarde-de-nos-oceans-laccord-sur-les-albatros-et-les-petrels-annonce-son-theme-pour-la-journee-mondiale-de-lalbatros-2024","status":"publish","type":"post","link":"https:\/\/mousefreemarion.org\/fr\/zones-marines-protegees-sauvegarde-de-nos-oceans-laccord-sur-les-albatros-et-les-petrels-annonce-son-theme-pour-la-journee-mondiale-de-lalbatros-2024\/","title":{"rendered":"\u00ab\u00a0Zones marines prot\u00e9g\u00e9es &#8211; Sauvegarde de nos oc\u00e9ans\u00a0\u00bb. L&rsquo;accord sur les albatros et les p\u00e9trels annonce son th\u00e8me pour la Journ\u00e9e mondiale de l&rsquo;albatros 2024."},"content":{"rendered":"<p>Photo ci-dessus : <em>L&rsquo;ACAP annonce son th\u00e8me pour la Journ\u00e9e mondiale de l&rsquo;albatros, le 19 juin 2024.<\/em><\/p>\n<p>L&rsquo;accord sur la conservation des albatros et des p\u00e9trels (<strong><br \/>\n  <a href=\"http:\/\/www.acap.aq\" target=\"_blank\" rel=\"noopener\">ACAP<\/a><br \/>\n<\/strong>) a annonc\u00e9 que le th\u00e8me de la Journ\u00e9e mondiale de l&rsquo;albatros (<strong><br \/>\n  <a href=\"https:\/\/www.acap.aq\/latest-news\/theme-for-world-albatross-day-2024-announced-marine-protected-areas-safeguarding-our-oceans\" target=\"_blank\" rel=\"noopener\">JMA2024<\/a><br \/>\n<\/strong>) de cette ann\u00e9e, le 19 juin.  <strong><br \/>\n  <a href=\"https:\/\/www.acap.aq\/resources\/management-plans\/mpa-acap\" target=\"_blank\" rel=\"noopener\">De nombreux sites de reproduction<\/a><br \/>\n<\/strong> pour les albatros et les p\u00e9trels inscrits sur la liste de l&rsquo;ACAP sont entour\u00e9es de vastes zones marines prot\u00e9g\u00e9es (ZMP), notamment les \u00eeles Marion et Prince Edward en Afrique du Sud, avec une <strong><br \/>\n  <a href=\"https:\/\/www.acap.aq\/news\/news-archive\/2013-news-archive\/south-africa-declares-a-large-marine-protected-area-around-its-sub-antarctic-prince-edward-islands?highlight=WyJtYXJpbmUiLCJtYXJpbiIsIm1hcmluZXIiLCJtYXJpbmVzIiwibWFyaW5lciciLCJtYXJpbmVycyIsInByb3RlY3RlZCIsInByb3RlY3QiLCJwcm90ZWN0aW9uIiwicHJvdGVjdGluZyIsInByb3RlY3RpdmUiLCJwcm90ZWN0cyIsInByb3RlY3Rpb25zIiwiYXJlYSIsImFyZWFzIiwiYXJlYSdzIiwiYXJlYSciLCJtYXJpb24iLCJtYXJpb24ncyJd\" target=\"_blank\" rel=\"noopener\">AMP<\/a><br \/>\n<\/strong> d&rsquo;une superficie totale de 180 000 km\u00b2 d\u00e9clar\u00e9e en 2103. Les quatre esp\u00e8ces d&rsquo;albatros qui se reproduisent sur l&rsquo;\u00eele Marion, plus grande, sont toutes menac\u00e9es par l&rsquo;introduction de la souris domestique <em>Mus musculus<\/em>. Le projet <strong><br \/>\n  <a href=\"https:\/\/mousefreemarion.org\/\" target=\"_blank\" rel=\"noopener\">Projet Marion sans souris<\/a><br \/>\n<\/strong> travaille \u00e0 l&rsquo;\u00e9radication des souris. En d\u00e9barrassant l&rsquo;\u00eele Marion de ses souris, les albatros et les p\u00e9trels en p\u00e9ril seront correctement prot\u00e9g\u00e9s, tant sur terre qu&rsquo;en mer, dans le cadre d&rsquo;aires marines prot\u00e9g\u00e9es.<\/p>\n<p>En 2019, le <strong><br \/>\n  <a href=\"https:\/\/www.acap.aq\/en\/documents\/advisory-committee\" target=\"_blank\" rel=\"noopener\">Comit\u00e9 consultatif<\/a><br \/>\n<\/strong> s&rsquo;est r\u00e9uni au Br\u00e9sil et a d\u00e9clar\u00e9 qu&rsquo;une <strong><br \/>\n  <a href=\"https:\/\/www.acap.aq\/en\/latest-news\/3324-acap-s-advisory-committee-declares-a-conservation-crisis-for-albatrosses-and-petrels\" target=\"_blank\" rel=\"noopener\">crise de la conservation<\/a><br \/>\n<\/strong> continue de faire face \u00e0 une crise de conservation <strong><br \/>\n  <a href=\"https:\/\/www.acap.aq\/en\/resources\/acap-species2\" target=\"_blank\" rel=\"noopener\">31 esp\u00e8ces r\u00e9pertori\u00e9es<\/a><br \/>\n<\/strong>dont neuf se reproduisent sur les \u00eeles du Prince \u00c9douard. Pour sensibiliser \u00e0 cette crise, l&rsquo;ACAP a inaugur\u00e9 une <strong><br \/>\n  <a href=\"https:\/\/www.acap.aq\/en\/latest-news\/3328-acap-proposes-a-world-albatross-day-to-increase-global-awareness-of-the-conservation-crisis-facing-albatrosses-and-petrels\" target=\"_blank\" rel=\"noopener\">Journ\u00e9e mondiale de l&rsquo;albatros<\/a><br \/>\n<\/strong>qui se tiendra chaque ann\u00e9e \u00e0 partir de 2020 le 19 juin, date de la signature de l&rsquo;accord en 2001. Les th\u00e8mes pr\u00e9c\u00e9dents de l&rsquo;ACAP pour les albatros du monde ont \u00e9t\u00e9 \u00ab\u00a0l&rsquo;\u00e9radication des ravageurs des \u00eeles\u00a0\u00bb.<strong><br \/>\n  <a href=\"https:\/\/www.acap.aq\/world-albatross-day\/wad2020-eradicating-island-pests\" target=\"_blank\" rel=\"noopener\">Eradiquer les ravageurs des \u00eeles<\/a><br \/>\n<\/strong>\u00ab\u00a0en 2020, \u00ab\u00a0<strong><br \/>\n  <a href=\"https:\/\/www.acap.aq\/world-albatross-day\/wad2021-ensuring-albatross-friendly-fisheries\" target=\"_blank\" rel=\"noopener\">Garantir des p\u00eacheries respectueuses des Albatros<\/a><br \/>\n<\/strong>\u00ab\u00a0en 2021, \u00ab\u00a0<strong><br \/>\n  <a href=\"https:\/\/www.acap.aq\/world-albatross-day\/wad2022-climate-change\" target=\"_blank\" rel=\"noopener\">Le changement climatique<\/a><br \/>\n<\/strong>\u00a0\u00bb en 2022 et \u00ab\u00a0<strong><br \/>\n  <a href=\"https:\/\/www.acap.aq\/world-albatross-day\/wad2023-plastic-pollution\" target=\"_blank\" rel=\"noopener\">Pollution plastique<\/a><br \/>\n<\/strong>\u00ab\u00a0en 2023.<\/p>\n<div id=\"attachment_18381\" style=\"width: 910px\" class=\"wp-caption aligncenter\"><img decoding=\"async\" aria-describedby=\"caption-attachment-18381\" class=\"wp-image-18381 size-full\" src=\"https:\/\/mousefreemarion.org\/wp-content\/uploads\/2024\/01\/Wandering-Albatross-off-Amsterdam-4-Kirk-Zufelt.jpg\" alt=\"\" width=\"900\" height=\"615\" srcset=\"https:\/\/mousefreemarion.org\/wp-content\/uploads\/2024\/01\/Wandering-Albatross-off-Amsterdam-4-Kirk-Zufelt-200x137.jpg 200w, https:\/\/mousefreemarion.org\/wp-content\/uploads\/2024\/01\/Wandering-Albatross-off-Amsterdam-4-Kirk-Zufelt-300x205.jpg 300w, https:\/\/mousefreemarion.org\/wp-content\/uploads\/2024\/01\/Wandering-Albatross-off-Amsterdam-4-Kirk-Zufelt-400x273.jpg 400w, https:\/\/mousefreemarion.org\/wp-content\/uploads\/2024\/01\/Wandering-Albatross-off-Amsterdam-4-Kirk-Zufelt-500x342.jpg 500w, https:\/\/mousefreemarion.org\/wp-content\/uploads\/2024\/01\/Wandering-Albatross-off-Amsterdam-4-Kirk-Zufelt-600x410.jpg 600w, https:\/\/mousefreemarion.org\/wp-content\/uploads\/2024\/01\/Wandering-Albatross-off-Amsterdam-4-Kirk-Zufelt-700x478.jpg 700w, https:\/\/mousefreemarion.org\/wp-content\/uploads\/2024\/01\/Wandering-Albatross-off-Amsterdam-4-Kirk-Zufelt-768x525.jpg 768w, https:\/\/mousefreemarion.org\/wp-content\/uploads\/2024\/01\/Wandering-Albatross-off-Amsterdam-4-Kirk-Zufelt-800x547.jpg 800w, https:\/\/mousefreemarion.org\/wp-content\/uploads\/2024\/01\/Wandering-Albatross-off-Amsterdam-4-Kirk-Zufelt.jpg 900w\" sizes=\"(max-width: 900px) 100vw, 900px\" \/><p id=\"caption-attachment-18381\" class=\"wp-caption-text\"><\/strong> <em>Albatros errant juv\u00e9nile dans le sud de l&rsquo;oc\u00e9an Indien ; photographie de Kirk Zufelt<\/em><\/p><\/div>\n<p>L&rsquo;ACAP d\u00e9crit le th\u00e8me de cette ann\u00e9e : \u00ab\u00a0Les albatros sont les ultimes vagabonds des oc\u00e9ans, passant la plus grande partie de leur vie en mer, parcourant de vastes distances \u00e0 travers le monde \u00e0 la recherche de nourriture comme le poisson, le calmar et le krill. Cette ann\u00e9e, la Journ\u00e9e mondiale de l&rsquo;albatros mettra l&rsquo;accent sur le lien entre les albatros et l&rsquo;oc\u00e9an et soulignera la mani\u00e8re dont les AMP peuvent contribuer \u00e0 am\u00e9liorer l&rsquo;\u00e9tat de conservation de ces magnifiques oiseaux\u00a0\u00bb.<\/p>\n<p>\u00ab\u00a0Les AMP offrent des niveaux de protection pour les esp\u00e8ces et les \u00e9cosyst\u00e8mes situ\u00e9s \u00e0 l&rsquo;int\u00e9rieur de leurs limites g\u00e9ographiques d\u00e9finies gr\u00e2ce aux cadres juridiques qui d\u00e9terminent le type d&rsquo;activit\u00e9 \u00e9conomique (s&rsquo;il y en a) qui peut s&rsquo;y d\u00e9rouler. Elles peuvent \u00eatre d\u00e9sign\u00e9es par les gouvernements dans leurs propres eaux territoriales, et maintenant, avec la signature historique de l&rsquo;accord de coop\u00e9ration entre l&rsquo;Union europ\u00e9enne et l&rsquo;Union europ\u00e9enne (UE), elles peuvent \u00eatre d\u00e9sign\u00e9es par les gouvernements dans leurs eaux territoriales.  <strong><br \/>\n  <a href=\"https:\/\/www.un.org\/bbnj\/\" target=\"_blank\" rel=\"noopener\">L&rsquo;accord conclu dans le cadre de la Convention des Nations unies sur le droit de la mer concernant la conservation et l&rsquo;utilisation durable de la diversit\u00e9 biologique marine dans les zones situ\u00e9es au-del\u00e0 de la juridiction nationale<\/a><br \/>\n<\/strong> ou \u00ab\u00a0trait\u00e9 BBNJ\u00a0\u00bb, par 84 nations, la cr\u00e9ation d&rsquo;AMP dans les eaux commun\u00e9ment appel\u00e9es \u00ab\u00a0haute mer\u00a0\u00bb deviendra possible\u00a0\u00bb.<\/p>\n<div id=\"attachment_18371\" style=\"width: 810px\" class=\"wp-caption aligncenter\"><img decoding=\"async\" aria-describedby=\"caption-attachment-18371\" class=\"wp-image-18371 size-fusion-800\" src=\"https:\/\/mousefreemarion.org\/wp-content\/uploads\/2024\/01\/WAD-Logo-2024-horizontal-800x526.png\" alt=\"\" width=\"800\" height=\"526\" srcset=\"https:\/\/mousefreemarion.org\/wp-content\/uploads\/2024\/01\/WAD-Logo-2024-horizontal-200x132.png 200w, https:\/\/mousefreemarion.org\/wp-content\/uploads\/2024\/01\/WAD-Logo-2024-horizontal-300x197.png 300w, https:\/\/mousefreemarion.org\/wp-content\/uploads\/2024\/01\/WAD-Logo-2024-horizontal-400x263.png 400w, https:\/\/mousefreemarion.org\/wp-content\/uploads\/2024\/01\/WAD-Logo-2024-horizontal-500x329.png 500w, https:\/\/mousefreemarion.org\/wp-content\/uploads\/2024\/01\/WAD-Logo-2024-horizontal-600x395.png 600w, https:\/\/mousefreemarion.org\/wp-content\/uploads\/2024\/01\/WAD-Logo-2024-horizontal-700x460.png 700w, https:\/\/mousefreemarion.org\/wp-content\/uploads\/2024\/01\/WAD-Logo-2024-horizontal-768x505.png 768w, https:\/\/mousefreemarion.org\/wp-content\/uploads\/2024\/01\/WAD-Logo-2024-horizontal-800x526.png 800w, https:\/\/mousefreemarion.org\/wp-content\/uploads\/2024\/01\/WAD-Logo-2024-horizontal-1024x674.png 1024w, https:\/\/mousefreemarion.org\/wp-content\/uploads\/2024\/01\/WAD-Logo-2024-horizontal-1200x789.png 1200w, https:\/\/mousefreemarion.org\/wp-content\/uploads\/2024\/01\/WAD-Logo-2024-horizontal-1536x1010.png 1536w\" sizes=\"(max-width: 800px) 100vw, 800px\" \/><p id=\"caption-attachment-18371\" class=\"wp-caption-text\"><em>L&rsquo;ACAP a cr\u00e9\u00e9 un logo pour marquer la Journ\u00e9e mondiale de l&rsquo;albatros le 19 juin 2024.<\/em><\/p><\/div>\n<p>&nbsp;<\/p>\n<p>L&rsquo;ACAP poursuit en disant que \u00ab\u00a0la cr\u00e9ation d&rsquo;AMP peut contribuer \u00e0 am\u00e9liorer l&rsquo;\u00e9tat de conservation des albatros gr\u00e2ce \u00e0 la protection des environs imm\u00e9diats de leurs lieux de reproduction et des r\u00e9gions cl\u00e9s de leurs aires de migration, et gr\u00e2ce \u00e0 la gestion des activit\u00e9s autoris\u00e9es \u00e0 l&rsquo;int\u00e9rieur de ces zones, telles que la p\u00eache. L&rsquo;oc\u00e9an, qui couvre plus de 70 % [of the] de la surface de la Terre, est soumis \u00e0 des pressions accrues dues au changement climatique et \u00e0 l&rsquo;activit\u00e9 humaine, notamment la surp\u00eache, l&rsquo;exploitation mini\u00e8re en eaux profondes et la pollution. La c\u00e9l\u00e9bration de la Journ\u00e9e mondiale de l&rsquo;alimentation 2024, le 19 juin, sera l&rsquo;occasion de sensibiliser le public \u00e0 ces oiseaux incroyables et de mettre en lumi\u00e8re les AMP comme l&rsquo;un des outils qui peuvent nous aider \u00e0 sauvegarder les albatros et l&rsquo;environnement marin au sens large, en veillant \u00e0 ce que l&rsquo;incroyable richesse et diversit\u00e9 biologique de la vie soutenue par l&rsquo;oc\u00e9an prosp\u00e8re pour les g\u00e9n\u00e9rations \u00e0 venir\u00a0\u00bb.<\/p>\n<p>Outre la vaste aire marine prot\u00e9g\u00e9e qui les entoure, les \u00eeles du Prince \u00c9douard jouissent d&rsquo;un statut international de site de zone humide Ramsar (<strong><br \/>\n  <a href=\"https:\/\/rsis.ramsar.org\/ris\/1688\" target=\"_blank\" rel=\"noopener\">n\u00b0 1688<\/a><br \/>\n<\/strong>), inscrit en 2007. Les limites du site s&rsquo;\u00e9tendent sur 500 m vers le large autour du littoral de chaque \u00eele pour englober les lits de varech c\u00f4tiers. Les deux \u00eeles et leurs eaux territoriales jusqu&rsquo;\u00e0 12 milles nautiques ont \u00e9t\u00e9 d\u00e9sign\u00e9es comme r\u00e9serve naturelle sp\u00e9ciale en 1995, le niveau de protection le plus \u00e9lev\u00e9 d&rsquo;Afrique du Sud. <strong><br \/>\n  <a href=\"https:\/\/www.acap.aq\/latest-news\/south-africa-s-sub-antarctic-prince-edward-islands-get-a-new-management-plan?highlight=WyJwcmluY2UiLCIncHJpbmNlcyIsImVkd2FyZCIsImVkd2FyZCdzIiwiZWR3YXJkcyIsIm1hbmFnZW1lbnQiLCJtYW5hZ2UiLCJtYW5hZ2VycyIsIm1hbmFnZXIiLCJtYW5hZ2luZyIsIm1hbmFnZWQiLCJtYW5hZ2VzIiwiJ21hbmFnZW1lbnQiLCJwbGFuIiwicGxhbnMiLCJwbGFubmVkIiwicGxhbm5pbmciLCJwbGFuJ3MiXQ==\" target=\"_blank\" rel=\"noopener\">plan de gestion<\/a><br \/>\n<\/strong>adopt\u00e9 en 2014.<\/p>\n<p><strong>R\u00e9f\u00e9rence :<\/strong><\/p>\n<p>Centre d&rsquo;excellence DST-NRF pour la biologie des invasions 2010 [2014]. <strong><br \/>\n  <a href=\"https:\/\/www.dffe.gov.za\/sites\/default\/files\/docs\/princeedward_islands_managementplan.pdf\" target=\"_blank\" rel=\"noopener\">Plan de gestion des \u00eeles du Prince \u00c9douard Version 0.2<\/a><br \/>\n<\/strong>. [Department of Environmental Affairs]. 202 p.<\/p>\n<p>Lombard, A.T., Reyers, B., Schonegevel, L.Y., Cooper, J., Smith-Adao, L.B., Nel, D.C., Froneman, P.W., Ansorge, I.J., Bester, M.N., Tosch, C.A., Strauss, T., Akkers, T., Gon. O., Leslie, R.W. et Chown, S.L. 2007. Conserving pattern and process in the Southern Ocean : designing a Marine Protected Area for the Prince Edward Islands (Conserver les mod\u00e8les et les processus dans l&rsquo;oc\u00e9an Austral : conception d&rsquo;une zone marine prot\u00e9g\u00e9e pour les \u00eeles du Prince \u00c9douard). <strong><br \/>\n  <a href=\"http:\/\/journals.cambridge.org\/action\/displayAbstract?fromPage=online&amp;aid=743556\" target=\"_blank\" rel=\"noopener\"> <em>Antarctic Science<\/em>19 : 39-54<\/a><br \/>\n<\/strong>.<\/p>\n<p><em> <\/em><\/p>\n<p><em>Jo<\/em><em>hn Cooper, Correspondant de presse, Projet Mouse-Free Marion, 30<\/em><em> janvier 2024<\/em><\/p>\n<p>************************************************************************************<\/p>\n<div id=\"attachment_18387\" style=\"width: 810px\" class=\"wp-caption aligncenter\"><img decoding=\"async\" aria-describedby=\"caption-attachment-18387\" class=\"wp-image-18387 size-fusion-800\" src=\"https:\/\/mousefreemarion.org\/wp-content\/uploads\/2024\/01\/Sooty-Albatross-Stefan-Schoombie-800x531.jpg\" alt=\"\" width=\"800\" height=\"531\" srcset=\"https:\/\/mousefreemarion.org\/wp-content\/uploads\/2024\/01\/Sooty-Albatross-Stefan-Schoombie-200x133.jpg 200w, https:\/\/mousefreemarion.org\/wp-content\/uploads\/2024\/01\/Sooty-Albatross-Stefan-Schoombie-300x199.jpg 300w, https:\/\/mousefreemarion.org\/wp-content\/uploads\/2024\/01\/Sooty-Albatross-Stefan-Schoombie-400x266.jpg 400w, https:\/\/mousefreemarion.org\/wp-content\/uploads\/2024\/01\/Sooty-Albatross-Stefan-Schoombie-500x332.jpg 500w, https:\/\/mousefreemarion.org\/wp-content\/uploads\/2024\/01\/Sooty-Albatross-Stefan-Schoombie-600x399.jpg 600w, https:\/\/mousefreemarion.org\/wp-content\/uploads\/2024\/01\/Sooty-Albatross-Stefan-Schoombie-700x465.jpg 700w, https:\/\/mousefreemarion.org\/wp-content\/uploads\/2024\/01\/Sooty-Albatross-Stefan-Schoombie-768x510.jpg 768w, https:\/\/mousefreemarion.org\/wp-content\/uploads\/2024\/01\/Sooty-Albatross-Stefan-Schoombie-800x531.jpg 800w, https:\/\/mousefreemarion.org\/wp-content\/uploads\/2024\/01\/Sooty-Albatross-Stefan-Schoombie-1024x680.jpg 1024w, https:\/\/mousefreemarion.org\/wp-content\/uploads\/2024\/01\/Sooty-Albatross-Stefan-Schoombie-1200x797.jpg 1200w, https:\/\/mousefreemarion.org\/wp-content\/uploads\/2024\/01\/Sooty-Albatross-Stefan-Schoombie-1536x1020.jpg 1536w\" sizes=\"(max-width: 800px) 100vw, 800px\" \/><p id=\"caption-attachment-18387\" class=\"wp-caption-text\"><em>Les albatros fuligineux volent \u00e0 l&rsquo;unisson au-dessus de la mer entre l&rsquo;\u00eele du Prince-\u00c9douard (\u00e0 l&rsquo;horizon) et l&rsquo;\u00eele Marion ; photographie de Stefan Schoombie et conception de l&rsquo;affiche par Michelle Risi<\/em><\/p><\/div>\n<p>Le Mouse-Free Marion Project est une soci\u00e9t\u00e9 \u00e0 but non lucratif enregistr\u00e9e (n\u00b0 2020\/922433\/08) en Afrique du Sud, cr\u00e9\u00e9e pour \u00e9radiquer les souris envahissantes tueuses d&rsquo;albatros sur l&rsquo;\u00eele Marion dans l&rsquo;oc\u00e9an Austral. Le projet a \u00e9t\u00e9 lanc\u00e9 par <strong><br \/>\n  <a href=\"https:\/\/www.birdlife.org.za\/\" target=\"_blank\" rel=\"noopener\">BirdLife Afrique du Sud<\/a><br \/>\n<\/strong> et le minist\u00e8re sud-africain <strong><br \/>\n  <a href=\"https:\/\/www.dffe.gov.za\/\" target=\"_blank\" rel=\"noopener\">D\u00e9partement des for\u00eats, de la p\u00eache et de l&rsquo;environnement<\/a><br \/>\n<\/strong>. Une fois achev\u00e9, le projet permettra de restaurer l&rsquo;habitat de reproduction essentiel de plus de deux millions d&rsquo;oiseaux marins, dont beaucoup sont menac\u00e9s au niveau mondial, et d&rsquo;am\u00e9liorer la r\u00e9silience de l&rsquo;\u00eele face au r\u00e9chauffement climatique. Pour plus d&rsquo;informations ou pour soutenir le projet, veuillez consulter le site suivant <strong><br \/>\n  <a href=\"http:\/\/mousefreemarion.org\/\" target=\"_blank\" rel=\"noopener\">mousefreemarion.org<\/a><br \/>\n<\/strong>.<\/p>\n","protected":false},"excerpt":{"rendered":"<p>Photo ci-dessus : L&rsquo;ACAP annonce son th\u00e8me pour la Journ\u00e9e  [&#8230;]<\/p>\n","protected":false},"author":5,"featured_media":18377,"comment_status":"closed","ping_status":"open","sticky":false,"template":"","format":"standard","meta":{"footnotes":""},"categories":[55],"tags":[],"class_list":["post-18394","post","type-post","status-publish","format-standard","has-post-thumbnail","hentry","category-non-classifiee"],"yoast_head":"<!-- This site is optimized with the Yoast SEO plugin v27.2 - https:\/\/yoast.com\/product\/yoast-seo-wordpress\/ -->\n<title>&quot;Zones marines prot\u00e9g\u00e9es - Sauvegarde de nos oc\u00e9ans&quot;. L&#039;accord sur les albatros et les p\u00e9trels annonce son th\u00e8me pour la Journ\u00e9e mondiale de l&#039;albatros 2024. - Mouse-Free Marion<\/title>\n<meta name=\"robots\" content=\"index, follow, max-snippet:-1, max-image-preview:large, max-video-preview:-1\" \/>\n<link rel=\"canonical\" href=\"https:\/\/mousefreemarion.org\/fr\/zones-marines-protegees-sauvegarde-de-nos-oceans-laccord-sur-les-albatros-et-les-petrels-annonce-son-theme-pour-la-journee-mondiale-de-lalbatros-2024\/\" \/>\n<meta property=\"og:locale\" content=\"fr_FR\" \/>\n<meta property=\"og:type\" content=\"article\" \/>\n<meta property=\"og:title\" content=\"&quot;Zones marines prot\u00e9g\u00e9es - Sauvegarde de nos oc\u00e9ans&quot;. L&#039;accord sur les albatros et les p\u00e9trels annonce son th\u00e8me pour la Journ\u00e9e mondiale de l&#039;albatros 2024. - Mouse-Free Marion\" \/>\n<meta property=\"og:description\" content=\"Photo ci-dessus : L&rsquo;ACAP annonce son th\u00e8me pour la Journ\u00e9e [...]\" \/>\n<meta property=\"og:url\" content=\"https:\/\/mousefreemarion.org\/fr\/zones-marines-protegees-sauvegarde-de-nos-oceans-laccord-sur-les-albatros-et-les-petrels-annonce-son-theme-pour-la-journee-mondiale-de-lalbatros-2024\/\" \/>\n<meta property=\"og:site_name\" content=\"Mouse-Free Marion\" \/>\n<meta property=\"article:published_time\" content=\"2024-01-30T08:33:27+00:00\" \/>\n<meta property=\"og:image\" content=\"https:\/\/mousefreemarion.org\/wp-content\/uploads\/2024\/01\/WAD2024-feature-illustration.jpg\" \/>\n\t<meta property=\"og:image:width\" content=\"940\" \/>\n\t<meta property=\"og:image:height\" content=\"788\" \/>\n\t<meta property=\"og:image:type\" content=\"image\/jpeg\" \/>\n<meta name=\"author\" content=\"John Cooper\" \/>\n<meta name=\"twitter:card\" content=\"summary_large_image\" \/>\n<meta name=\"twitter:label1\" content=\"\u00c9crit par\" \/>\n\t<meta name=\"twitter:data1\" content=\"John Cooper\" \/>\n\t<meta name=\"twitter:label2\" content=\"Dur\u00e9e de lecture estim\u00e9e\" \/>\n\t<meta name=\"twitter:data2\" content=\"6 minutes\" \/>\n<script type=\"application\/ld+json\" class=\"yoast-schema-graph\">{\"@context\":\"https:\/\/schema.org\",\"@graph\":[{\"@type\":\"Article\",\"@id\":\"https:\/\/mousefreemarion.org\/fr\/zones-marines-protegees-sauvegarde-de-nos-oceans-laccord-sur-les-albatros-et-les-petrels-annonce-son-theme-pour-la-journee-mondiale-de-lalbatros-2024\/#article\",\"isPartOf\":{\"@id\":\"https:\/\/mousefreemarion.org\/fr\/zones-marines-protegees-sauvegarde-de-nos-oceans-laccord-sur-les-albatros-et-les-petrels-annonce-son-theme-pour-la-journee-mondiale-de-lalbatros-2024\/\"},\"author\":{\"name\":\"John Cooper\",\"@id\":\"https:\/\/mousefreemarion.org\/fr\/#\/schema\/person\/e954c509ad876f56a7ef9755e61dbe14\"},\"headline\":\"\u00ab\u00a0Zones marines prot\u00e9g\u00e9es &#8211; Sauvegarde de nos oc\u00e9ans\u00a0\u00bb. L&rsquo;accord sur les albatros et les p\u00e9trels annonce son th\u00e8me pour la Journ\u00e9e mondiale de l&rsquo;albatros 2024.\",\"datePublished\":\"2024-01-30T08:33:27+00:00\",\"mainEntityOfPage\":{\"@id\":\"https:\/\/mousefreemarion.org\/fr\/zones-marines-protegees-sauvegarde-de-nos-oceans-laccord-sur-les-albatros-et-les-petrels-annonce-son-theme-pour-la-journee-mondiale-de-lalbatros-2024\/\"},\"wordCount\":1205,\"image\":{\"@id\":\"https:\/\/mousefreemarion.org\/fr\/zones-marines-protegees-sauvegarde-de-nos-oceans-laccord-sur-les-albatros-et-les-petrels-annonce-son-theme-pour-la-journee-mondiale-de-lalbatros-2024\/#primaryimage\"},\"thumbnailUrl\":\"https:\/\/mousefreemarion.org\/wp-content\/uploads\/2024\/01\/WAD2024-feature-illustration.jpg\",\"articleSection\":[\"Non classifi\u00e9(e)\"],\"inLanguage\":\"fr-FR\"},{\"@type\":\"WebPage\",\"@id\":\"https:\/\/mousefreemarion.org\/fr\/zones-marines-protegees-sauvegarde-de-nos-oceans-laccord-sur-les-albatros-et-les-petrels-annonce-son-theme-pour-la-journee-mondiale-de-lalbatros-2024\/\",\"url\":\"https:\/\/mousefreemarion.org\/fr\/zones-marines-protegees-sauvegarde-de-nos-oceans-laccord-sur-les-albatros-et-les-petrels-annonce-son-theme-pour-la-journee-mondiale-de-lalbatros-2024\/\",\"name\":\"\\\"Zones marines prot\u00e9g\u00e9es - Sauvegarde de nos oc\u00e9ans\\\". L'accord sur les albatros et les p\u00e9trels annonce son th\u00e8me pour la Journ\u00e9e mondiale de l'albatros 2024. - Mouse-Free Marion\",\"isPartOf\":{\"@id\":\"https:\/\/mousefreemarion.org\/fr\/#website\"},\"primaryImageOfPage\":{\"@id\":\"https:\/\/mousefreemarion.org\/fr\/zones-marines-protegees-sauvegarde-de-nos-oceans-laccord-sur-les-albatros-et-les-petrels-annonce-son-theme-pour-la-journee-mondiale-de-lalbatros-2024\/#primaryimage\"},\"image\":{\"@id\":\"https:\/\/mousefreemarion.org\/fr\/zones-marines-protegees-sauvegarde-de-nos-oceans-laccord-sur-les-albatros-et-les-petrels-annonce-son-theme-pour-la-journee-mondiale-de-lalbatros-2024\/#primaryimage\"},\"thumbnailUrl\":\"https:\/\/mousefreemarion.org\/wp-content\/uploads\/2024\/01\/WAD2024-feature-illustration.jpg\",\"datePublished\":\"2024-01-30T08:33:27+00:00\",\"author\":{\"@id\":\"https:\/\/mousefreemarion.org\/fr\/#\/schema\/person\/e954c509ad876f56a7ef9755e61dbe14\"},\"breadcrumb\":{\"@id\":\"https:\/\/mousefreemarion.org\/fr\/zones-marines-protegees-sauvegarde-de-nos-oceans-laccord-sur-les-albatros-et-les-petrels-annonce-son-theme-pour-la-journee-mondiale-de-lalbatros-2024\/#breadcrumb\"},\"inLanguage\":\"fr-FR\",\"potentialAction\":[{\"@type\":\"ReadAction\",\"target\":[\"https:\/\/mousefreemarion.org\/fr\/zones-marines-protegees-sauvegarde-de-nos-oceans-laccord-sur-les-albatros-et-les-petrels-annonce-son-theme-pour-la-journee-mondiale-de-lalbatros-2024\/\"]}]},{\"@type\":\"ImageObject\",\"inLanguage\":\"fr-FR\",\"@id\":\"https:\/\/mousefreemarion.org\/fr\/zones-marines-protegees-sauvegarde-de-nos-oceans-laccord-sur-les-albatros-et-les-petrels-annonce-son-theme-pour-la-journee-mondiale-de-lalbatros-2024\/#primaryimage\",\"url\":\"https:\/\/mousefreemarion.org\/wp-content\/uploads\/2024\/01\/WAD2024-feature-illustration.jpg\",\"contentUrl\":\"https:\/\/mousefreemarion.org\/wp-content\/uploads\/2024\/01\/WAD2024-feature-illustration.jpg\",\"width\":940,\"height\":788},{\"@type\":\"BreadcrumbList\",\"@id\":\"https:\/\/mousefreemarion.org\/fr\/zones-marines-protegees-sauvegarde-de-nos-oceans-laccord-sur-les-albatros-et-les-petrels-annonce-son-theme-pour-la-journee-mondiale-de-lalbatros-2024\/#breadcrumb\",\"itemListElement\":[{\"@type\":\"ListItem\",\"position\":1,\"name\":\"Home\",\"item\":\"https:\/\/mousefreemarion.org\/fr\/campagne-de-conservation\/\"},{\"@type\":\"ListItem\",\"position\":2,\"name\":\"\u00ab\u00a0Zones marines prot\u00e9g\u00e9es &#8211; Sauvegarde de nos oc\u00e9ans\u00a0\u00bb. L&rsquo;accord sur les albatros et les p\u00e9trels annonce son th\u00e8me pour la Journ\u00e9e mondiale de l&rsquo;albatros 2024.\"}]},{\"@type\":\"WebSite\",\"@id\":\"https:\/\/mousefreemarion.org\/fr\/#website\",\"url\":\"https:\/\/mousefreemarion.org\/fr\/\",\"name\":\"Mouse-Free Marion\",\"description\":\"Mouse-Free Marion\",\"potentialAction\":[{\"@type\":\"SearchAction\",\"target\":{\"@type\":\"EntryPoint\",\"urlTemplate\":\"https:\/\/mousefreemarion.org\/fr\/?s={search_term_string}\"},\"query-input\":{\"@type\":\"PropertyValueSpecification\",\"valueRequired\":true,\"valueName\":\"search_term_string\"}}],\"inLanguage\":\"fr-FR\"},{\"@type\":\"Person\",\"@id\":\"https:\/\/mousefreemarion.org\/fr\/#\/schema\/person\/e954c509ad876f56a7ef9755e61dbe14\",\"name\":\"John Cooper\",\"image\":{\"@type\":\"ImageObject\",\"inLanguage\":\"fr-FR\",\"@id\":\"https:\/\/secure.gravatar.com\/avatar\/97d75e64d53ed4e43c3caf15fb32bfe12b2d3e4a90c9e7012722c1fa159175c9?s=96&d=mm&r=g\",\"url\":\"https:\/\/secure.gravatar.com\/avatar\/97d75e64d53ed4e43c3caf15fb32bfe12b2d3e4a90c9e7012722c1fa159175c9?s=96&d=mm&r=g\",\"contentUrl\":\"https:\/\/secure.gravatar.com\/avatar\/97d75e64d53ed4e43c3caf15fb32bfe12b2d3e4a90c9e7012722c1fa159175c9?s=96&d=mm&r=g\",\"caption\":\"John Cooper\"},\"url\":\"https:\/\/mousefreemarion.org\/fr\/author\/john\/\"}]}<\/script>\n<!-- \/ Yoast SEO plugin. -->","yoast_head_json":{"title":"\"Zones marines prot\u00e9g\u00e9es - Sauvegarde de nos oc\u00e9ans\". L'accord sur les albatros et les p\u00e9trels annonce son th\u00e8me pour la Journ\u00e9e mondiale de l'albatros 2024. - Mouse-Free Marion","robots":{"index":"index","follow":"follow","max-snippet":"max-snippet:-1","max-image-preview":"max-image-preview:large","max-video-preview":"max-video-preview:-1"},"canonical":"https:\/\/mousefreemarion.org\/fr\/zones-marines-protegees-sauvegarde-de-nos-oceans-laccord-sur-les-albatros-et-les-petrels-annonce-son-theme-pour-la-journee-mondiale-de-lalbatros-2024\/","og_locale":"fr_FR","og_type":"article","og_title":"\"Zones marines prot\u00e9g\u00e9es - Sauvegarde de nos oc\u00e9ans\". L'accord sur les albatros et les p\u00e9trels annonce son th\u00e8me pour la Journ\u00e9e mondiale de l'albatros 2024. - Mouse-Free Marion","og_description":"Photo ci-dessus : L&rsquo;ACAP annonce son th\u00e8me pour la Journ\u00e9e [...]","og_url":"https:\/\/mousefreemarion.org\/fr\/zones-marines-protegees-sauvegarde-de-nos-oceans-laccord-sur-les-albatros-et-les-petrels-annonce-son-theme-pour-la-journee-mondiale-de-lalbatros-2024\/","og_site_name":"Mouse-Free Marion","article_published_time":"2024-01-30T08:33:27+00:00","og_image":[{"width":940,"height":788,"url":"https:\/\/mousefreemarion.org\/wp-content\/uploads\/2024\/01\/WAD2024-feature-illustration.jpg","type":"image\/jpeg"}],"author":"John Cooper","twitter_card":"summary_large_image","twitter_misc":{"\u00c9crit par":"John Cooper","Dur\u00e9e de lecture estim\u00e9e":"6 minutes"},"schema":{"@context":"https:\/\/schema.org","@graph":[{"@type":"Article","@id":"https:\/\/mousefreemarion.org\/fr\/zones-marines-protegees-sauvegarde-de-nos-oceans-laccord-sur-les-albatros-et-les-petrels-annonce-son-theme-pour-la-journee-mondiale-de-lalbatros-2024\/#article","isPartOf":{"@id":"https:\/\/mousefreemarion.org\/fr\/zones-marines-protegees-sauvegarde-de-nos-oceans-laccord-sur-les-albatros-et-les-petrels-annonce-son-theme-pour-la-journee-mondiale-de-lalbatros-2024\/"},"author":{"name":"John Cooper","@id":"https:\/\/mousefreemarion.org\/fr\/#\/schema\/person\/e954c509ad876f56a7ef9755e61dbe14"},"headline":"\u00ab\u00a0Zones marines prot\u00e9g\u00e9es &#8211; Sauvegarde de nos oc\u00e9ans\u00a0\u00bb. L&rsquo;accord sur les albatros et les p\u00e9trels annonce son th\u00e8me pour la Journ\u00e9e mondiale de l&rsquo;albatros 2024.","datePublished":"2024-01-30T08:33:27+00:00","mainEntityOfPage":{"@id":"https:\/\/mousefreemarion.org\/fr\/zones-marines-protegees-sauvegarde-de-nos-oceans-laccord-sur-les-albatros-et-les-petrels-annonce-son-theme-pour-la-journee-mondiale-de-lalbatros-2024\/"},"wordCount":1205,"image":{"@id":"https:\/\/mousefreemarion.org\/fr\/zones-marines-protegees-sauvegarde-de-nos-oceans-laccord-sur-les-albatros-et-les-petrels-annonce-son-theme-pour-la-journee-mondiale-de-lalbatros-2024\/#primaryimage"},"thumbnailUrl":"https:\/\/mousefreemarion.org\/wp-content\/uploads\/2024\/01\/WAD2024-feature-illustration.jpg","articleSection":["Non classifi\u00e9(e)"],"inLanguage":"fr-FR"},{"@type":"WebPage","@id":"https:\/\/mousefreemarion.org\/fr\/zones-marines-protegees-sauvegarde-de-nos-oceans-laccord-sur-les-albatros-et-les-petrels-annonce-son-theme-pour-la-journee-mondiale-de-lalbatros-2024\/","url":"https:\/\/mousefreemarion.org\/fr\/zones-marines-protegees-sauvegarde-de-nos-oceans-laccord-sur-les-albatros-et-les-petrels-annonce-son-theme-pour-la-journee-mondiale-de-lalbatros-2024\/","name":"\"Zones marines prot\u00e9g\u00e9es - Sauvegarde de nos oc\u00e9ans\". L'accord sur les albatros et les p\u00e9trels annonce son th\u00e8me pour la Journ\u00e9e mondiale de l'albatros 2024. - Mouse-Free Marion","isPartOf":{"@id":"https:\/\/mousefreemarion.org\/fr\/#website"},"primaryImageOfPage":{"@id":"https:\/\/mousefreemarion.org\/fr\/zones-marines-protegees-sauvegarde-de-nos-oceans-laccord-sur-les-albatros-et-les-petrels-annonce-son-theme-pour-la-journee-mondiale-de-lalbatros-2024\/#primaryimage"},"image":{"@id":"https:\/\/mousefreemarion.org\/fr\/zones-marines-protegees-sauvegarde-de-nos-oceans-laccord-sur-les-albatros-et-les-petrels-annonce-son-theme-pour-la-journee-mondiale-de-lalbatros-2024\/#primaryimage"},"thumbnailUrl":"https:\/\/mousefreemarion.org\/wp-content\/uploads\/2024\/01\/WAD2024-feature-illustration.jpg","datePublished":"2024-01-30T08:33:27+00:00","author":{"@id":"https:\/\/mousefreemarion.org\/fr\/#\/schema\/person\/e954c509ad876f56a7ef9755e61dbe14"},"breadcrumb":{"@id":"https:\/\/mousefreemarion.org\/fr\/zones-marines-protegees-sauvegarde-de-nos-oceans-laccord-sur-les-albatros-et-les-petrels-annonce-son-theme-pour-la-journee-mondiale-de-lalbatros-2024\/#breadcrumb"},"inLanguage":"fr-FR","potentialAction":[{"@type":"ReadAction","target":["https:\/\/mousefreemarion.org\/fr\/zones-marines-protegees-sauvegarde-de-nos-oceans-laccord-sur-les-albatros-et-les-petrels-annonce-son-theme-pour-la-journee-mondiale-de-lalbatros-2024\/"]}]},{"@type":"ImageObject","inLanguage":"fr-FR","@id":"https:\/\/mousefreemarion.org\/fr\/zones-marines-protegees-sauvegarde-de-nos-oceans-laccord-sur-les-albatros-et-les-petrels-annonce-son-theme-pour-la-journee-mondiale-de-lalbatros-2024\/#primaryimage","url":"https:\/\/mousefreemarion.org\/wp-content\/uploads\/2024\/01\/WAD2024-feature-illustration.jpg","contentUrl":"https:\/\/mousefreemarion.org\/wp-content\/uploads\/2024\/01\/WAD2024-feature-illustration.jpg","width":940,"height":788},{"@type":"BreadcrumbList","@id":"https:\/\/mousefreemarion.org\/fr\/zones-marines-protegees-sauvegarde-de-nos-oceans-laccord-sur-les-albatros-et-les-petrels-annonce-son-theme-pour-la-journee-mondiale-de-lalbatros-2024\/#breadcrumb","itemListElement":[{"@type":"ListItem","position":1,"name":"Home","item":"https:\/\/mousefreemarion.org\/fr\/campagne-de-conservation\/"},{"@type":"ListItem","position":2,"name":"\u00ab\u00a0Zones marines prot\u00e9g\u00e9es &#8211; Sauvegarde de nos oc\u00e9ans\u00a0\u00bb. L&rsquo;accord sur les albatros et les p\u00e9trels annonce son th\u00e8me pour la Journ\u00e9e mondiale de l&rsquo;albatros 2024."}]},{"@type":"WebSite","@id":"https:\/\/mousefreemarion.org\/fr\/#website","url":"https:\/\/mousefreemarion.org\/fr\/","name":"Mouse-Free Marion","description":"Mouse-Free Marion","potentialAction":[{"@type":"SearchAction","target":{"@type":"EntryPoint","urlTemplate":"https:\/\/mousefreemarion.org\/fr\/?s={search_term_string}"},"query-input":{"@type":"PropertyValueSpecification","valueRequired":true,"valueName":"search_term_string"}}],"inLanguage":"fr-FR"},{"@type":"Person","@id":"https:\/\/mousefreemarion.org\/fr\/#\/schema\/person\/e954c509ad876f56a7ef9755e61dbe14","name":"John Cooper","image":{"@type":"ImageObject","inLanguage":"fr-FR","@id":"https:\/\/secure.gravatar.com\/avatar\/97d75e64d53ed4e43c3caf15fb32bfe12b2d3e4a90c9e7012722c1fa159175c9?s=96&d=mm&r=g","url":"https:\/\/secure.gravatar.com\/avatar\/97d75e64d53ed4e43c3caf15fb32bfe12b2d3e4a90c9e7012722c1fa159175c9?s=96&d=mm&r=g","contentUrl":"https:\/\/secure.gravatar.com\/avatar\/97d75e64d53ed4e43c3caf15fb32bfe12b2d3e4a90c9e7012722c1fa159175c9?s=96&d=mm&r=g","caption":"John Cooper"},"url":"https:\/\/mousefreemarion.org\/fr\/author\/john\/"}]}},"_links":{"self":[{"href":"https:\/\/mousefreemarion.org\/fr\/wp-json\/wp\/v2\/posts\/18394","targetHints":{"allow":["GET"]}}],"collection":[{"href":"https:\/\/mousefreemarion.org\/fr\/wp-json\/wp\/v2\/posts"}],"about":[{"href":"https:\/\/mousefreemarion.org\/fr\/wp-json\/wp\/v2\/types\/post"}],"author":[{"embeddable":true,"href":"https:\/\/mousefreemarion.org\/fr\/wp-json\/wp\/v2\/users\/5"}],"replies":[{"embeddable":true,"href":"https:\/\/mousefreemarion.org\/fr\/wp-json\/wp\/v2\/comments?post=18394"}],"version-history":[{"count":0,"href":"https:\/\/mousefreemarion.org\/fr\/wp-json\/wp\/v2\/posts\/18394\/revisions"}],"wp:featuredmedia":[{"embeddable":true,"href":"https:\/\/mousefreemarion.org\/fr\/wp-json\/wp\/v2\/media\/18377"}],"wp:attachment":[{"href":"https:\/\/mousefreemarion.org\/fr\/wp-json\/wp\/v2\/media?parent=18394"}],"wp:term":[{"taxonomy":"category","embeddable":true,"href":"https:\/\/mousefreemarion.org\/fr\/wp-json\/wp\/v2\/categories?post=18394"},{"taxonomy":"post_tag","embeddable":true,"href":"https:\/\/mousefreemarion.org\/fr\/wp-json\/wp\/v2\/tags?post=18394"}],"curies":[{"name":"wp","href":"https:\/\/api.w.org\/{rel}","templated":true}]}}